{"id":733,"date":"2025-01-13T14:36:46","date_gmt":"2025-01-13T13:36:46","guid":{"rendered":"https:\/\/rck.bplaced.net\/?p=733"},"modified":"2025-01-13T14:37:05","modified_gmt":"2025-01-13T13:37:05","slug":"suec-und-ceb-gehen-bildungspartnerschaft-mit-rueckert-mittelschule-ein","status":"publish","type":"post","link":"https:\/\/rueckert-mittelschule.de\/?p=733","title":{"rendered":"S\u00dcC und CEB gehen Bildungspartnerschaft mit R\u00fcckert-Mittelschule ein"},"content":{"rendered":"\n<p>S\u00dcC, CEB und die R\u00fcckert-Mittelschule sind eine Bildungspartnerschaft eingegangen. Die vom Kompetenzzentrum 4.0 der IHK-Coburg unterst\u00fctzte Initiative soll Sch\u00fclern fr\u00fchzeitig Einblicke in die Arbeitswelt erm\u00f6glichen und Unternehmen dabei helfen, die Abl\u00e4ufe im Schulsystem besser zu verstehen.<\/p>\n\n\n\n<p>Zur feierlichen \u00dcbergabe der Urkunde besuchten 15 engagierte Lehrkr\u00e4fte der R\u00fcckert-Schule, begleitet von Alexander Arnold (Leiter Kompetenzzentrum 4.0) und Siegmar Schnabel (Hauptgesch\u00e4ftsf\u00fchrer der IHK Coburg), S\u00dcC und CEB. Bei einem Rundgang durch IT-Abteilung, Lehrwerkstatt, Kfz-Werkstatt, CEB-Fahrzeughalle und Aquaria konnten sich die P\u00e4dagogen ein umfassendes Bild von den vielf\u00e4ltigen T\u00e4tigkeitsfeldern der beiden kommunalen Unternehmen machen.&nbsp;<\/p>\n\n\n\n<p>Die Bildungspartnerschaft sieht zahlreiche Aktivit\u00e4ten vor: Neben Praktika in den verschiedenen Ausbildungsbereichen planen S\u00dcC und CEB auch Bewerbungstrainings f\u00fcr Acht- und Neuntkl\u00e4ssler. Dar\u00fcber hinaus sollen projektbezogene Tage, wie beispielsweise Besuche im Wertstoffhof, sowie Schnuppertage f\u00fcr Sch\u00fclerinnen und Sch\u00fcler der 7. Klasse angeboten werden.<\/p>\n\n\n\n<p>Mit der Kooperation wollen IHK, S\u00dcC, CEB und R\u00fcckert-Schule die Sch\u00fclerinnen und Sch\u00fcler bestm\u00f6glich auf das Berufsleben vorbereiten. Durch praxisnahe Erfahrungen sollen sie ihre St\u00e4rken und Interessen entdecken und gezielte Entscheidungen f\u00fcr ihre berufliche Zukunft treffen k\u00f6nnen. Gleichzeitig profitieren S\u00dcC und CEB vom Austausch mit der Schule und k\u00f6nnen ihren Beitrag zur Nachwuchsf\u00f6rderung leisten.<\/p>\n\n\n\n<p>\u201eWir freuen uns sehr \u00fcber diese Partnerschaft\u201c, so Carsten Haas, Personalleiter bei der S\u00dcC. \u201eIn Zusammenarbeit mit der R\u00fcckert-Schule wollen wir den jungen Menschen den \u00dcbergang von der Schule in den Beruf erleichtern.\u201c<\/p>\n\n\n\n<figure class=\"wp-block-image size-full\"><img loading=\"lazy\" decoding=\"async\" width=\"350\" height=\"411\" src=\"https:\/\/rueckert-mittelschule.de\/wp-content\/uploads\/2025\/01\/2024-12-02-Bildungspartnerschaft__scaled__350_411.webp\" alt=\"\" class=\"wp-image-734\" srcset=\"https:\/\/rueckert-mittelschule.de\/wp-content\/uploads\/2025\/01\/2024-12-02-Bildungspartnerschaft__scaled__350_411.webp 350w, https:\/\/rueckert-mittelschule.de\/wp-content\/uploads\/2025\/01\/2024-12-02-Bildungspartnerschaft__scaled__350_411-255x300.webp 255w\" sizes=\"auto, (max-width: 350px) 100vw, 350px\" \/><\/figure>\n","protected":false},"excerpt":{"rendered":"<p>S\u00dcC, CEB und die R\u00fcckert-Mittelschule sind eine Bildungspartnerschaft eingegangen. Die vom Kompetenzzentrum 4.0 der IHK-Coburg unterst\u00fctzte Initiative soll Sch\u00fclern fr\u00fchzeitig Einblicke in die Arbeitswelt erm\u00f6glichen und Unternehmen dabei helfen, die Abl\u00e4ufe im Schulsystem besser zu verstehen. Zur feierlichen \u00dcbergabe der Urkunde besuchten 15 engagierte Lehrkr\u00e4fte der R\u00fcckert-Schule, begleitet von Alexander Arnold (Leiter Kompetenzzentrum 4.0) und &hellip; <\/p>\n<p class=\"link-more\"><a href=\"https:\/\/rueckert-mittelschule.de\/?p=733\" class=\"more-link\">Mehr <span class=\"screen-reader-text\">\u00fcber &#8222;S\u00dcC und CEB gehen Bildungspartnerschaft mit R\u00fcckert-Mittelschule ein&#8220; <\/span>Lesen<\/a><\/p>\n","protected":false},"author":3,"featured_media":734,"comment_status":"closed","ping_status":"closed","sticky":false,"template":"","format":"standard","meta":{"footnotes":""},"categories":[1],"tags":[],"class_list":["post-733","post","type-post","status-publish","format-standard","has-post-thumbnail","hentry","category-allgemein"],"_links":{"self":[{"href":"https:\/\/rueckert-mittelschule.de\/index.php?rest_route=\/wp\/v2\/posts\/733","targetHints":{"allow":["GET"]}}],"collection":[{"href":"https:\/\/rueckert-mittelschule.de\/index.php?rest_route=\/wp\/v2\/posts"}],"about":[{"href":"https:\/\/rueckert-mittelschule.de\/index.php?rest_route=\/wp\/v2\/types\/post"}],"author":[{"embeddable":true,"href":"https:\/\/rueckert-mittelschule.de\/index.php?rest_route=\/wp\/v2\/users\/3"}],"replies":[{"embeddable":true,"href":"https:\/\/rueckert-mittelschule.de\/index.php?rest_route=%2Fwp%2Fv2%2Fcomments&post=733"}],"version-history":[{"count":1,"href":"https:\/\/rueckert-mittelschule.de\/index.php?rest_route=\/wp\/v2\/posts\/733\/revisions"}],"predecessor-version":[{"id":735,"href":"https:\/\/rueckert-mittelschule.de\/index.php?rest_route=\/wp\/v2\/posts\/733\/revisions\/735"}],"wp:featuredmedia":[{"embeddable":true,"href":"https:\/\/rueckert-mittelschule.de\/index.php?rest_route=\/wp\/v2\/media\/734"}],"wp:attachment":[{"href":"https:\/\/rueckert-mittelschule.de\/index.php?rest_route=%2Fwp%2Fv2%2Fmedia&parent=733"}],"wp:term":[{"taxonomy":"category","embeddable":true,"href":"https:\/\/rueckert-mittelschule.de\/index.php?rest_route=%2Fwp%2Fv2%2Fcategories&post=733"},{"taxonomy":"post_tag","embeddable":true,"href":"https:\/\/rueckert-mittelschule.de\/index.php?rest_route=%2Fwp%2Fv2%2Ftags&post=733"}],"curies":[{"name":"wp","href":"https:\/\/api.w.org\/{rel}","templated":true}]}}