{"id":702,"date":"2024-12-10T08:52:27","date_gmt":"2024-12-10T07:52:27","guid":{"rendered":"https:\/\/rck.bplaced.net\/?p=702"},"modified":"2024-12-10T08:54:08","modified_gmt":"2024-12-10T07:54:08","slug":"besuch-der-deutschklasse-im-naturkundemuseum-coburg","status":"publish","type":"post","link":"https:\/\/rueckert-mittelschule.de\/?p=702","title":{"rendered":"Besuch der Deutschklasse im Naturkundemuseum Coburg\u00a0"},"content":{"rendered":"\n<p>Im November tauchten die Sch\u00fclerinnen und Sch\u00fcler im Deutschunterricht und in G+ in die Welt der Haus-, Nutz- und Wildtiere ein. Bei einer spannenden F\u00fchrung im Naturkundemuseum Coburg entdeckten sie die heimischen Waldbewohner. Danach erkundeten die Sch\u00fcler selbstst\u00e4ndig das Museum und durchstreiften alle Abteilungen. Ein herzliches Dankesch\u00f6n an Frau Feldmann f\u00fcr die sprachsensibel gestaltete \u201eSchatzsuche\u201c!&nbsp;<\/p>\n\n\n\n<p>N. Rexhepi&nbsp;<\/p>\n\n\n\n<figure class=\"wp-block-image size-full\"><img loading=\"lazy\" decoding=\"async\" width=\"484\" height=\"578\" src=\"https:\/\/rueckert-mittelschule.de\/wp-content\/uploads\/2024\/12\/image.jpeg\" alt=\"\" class=\"wp-image-704\" srcset=\"https:\/\/rueckert-mittelschule.de\/wp-content\/uploads\/2024\/12\/image.jpeg 484w, https:\/\/rueckert-mittelschule.de\/wp-content\/uploads\/2024\/12\/image-251x300.jpeg 251w\" sizes=\"auto, (max-width: 484px) 100vw, 484px\" \/><\/figure>\n\n\n\n<figure class=\"wp-block-image size-full\"><img loading=\"lazy\" decoding=\"async\" width=\"466\" height=\"572\" src=\"https:\/\/rueckert-mittelschule.de\/wp-content\/uploads\/2024\/12\/image.png\" alt=\"\" class=\"wp-image-705\" srcset=\"https:\/\/rueckert-mittelschule.de\/wp-content\/uploads\/2024\/12\/image.png 466w, https:\/\/rueckert-mittelschule.de\/wp-content\/uploads\/2024\/12\/image-244x300.png 244w\" sizes=\"auto, (max-width: 466px) 100vw, 466px\" \/><\/figure>\n\n\n\n<figure class=\"wp-block-image size-full\"><img loading=\"lazy\" decoding=\"async\" width=\"521\" height=\"486\" src=\"https:\/\/rueckert-mittelschule.de\/wp-content\/uploads\/2024\/12\/image-1.jpeg\" alt=\"\" class=\"wp-image-706\" srcset=\"https:\/\/rueckert-mittelschule.de\/wp-content\/uploads\/2024\/12\/image-1.jpeg 521w, https:\/\/rueckert-mittelschule.de\/wp-content\/uploads\/2024\/12\/image-1-300x280.jpeg 300w\" sizes=\"auto, (max-width: 521px) 100vw, 521px\" \/><\/figure>\n","protected":false},"excerpt":{"rendered":"<p>Im November tauchten die Sch\u00fclerinnen und Sch\u00fcler im Deutschunterricht und in G+ in die Welt der Haus-, Nutz- und Wildtiere ein. Bei einer spannenden F\u00fchrung im Naturkundemuseum Coburg entdeckten sie die heimischen Waldbewohner. Danach erkundeten die Sch\u00fcler selbstst\u00e4ndig das Museum und durchstreiften alle Abteilungen. Ein herzliches Dankesch\u00f6n an Frau Feldmann f\u00fcr die sprachsensibel gestaltete \u201eSchatzsuche\u201c!&nbsp; &hellip; <\/p>\n<p class=\"link-more\"><a href=\"https:\/\/rueckert-mittelschule.de\/?p=702\" class=\"more-link\">Mehr <span class=\"screen-reader-text\">\u00fcber &#8222;Besuch der Deutschklasse im Naturkundemuseum Coburg\u00a0&#8220; <\/span>Lesen<\/a><\/p>\n","protected":false},"author":1,"featured_media":0,"comment_status":"closed","ping_status":"closed","sticky":false,"template":"","format":"standard","meta":{"footnotes":""},"categories":[1],"tags":[],"class_list":["post-702","post","type-post","status-publish","format-standard","hentry","category-allgemein"],"_links":{"self":[{"href":"https:\/\/rueckert-mittelschule.de\/index.php?rest_route=\/wp\/v2\/posts\/702","targetHints":{"allow":["GET"]}}],"collection":[{"href":"https:\/\/rueckert-mittelschule.de\/index.php?rest_route=\/wp\/v2\/posts"}],"about":[{"href":"https:\/\/rueckert-mittelschule.de\/index.php?rest_route=\/wp\/v2\/types\/post"}],"author":[{"embeddable":true,"href":"https:\/\/rueckert-mittelschule.de\/index.php?rest_route=\/wp\/v2\/users\/1"}],"replies":[{"embeddable":true,"href":"https:\/\/rueckert-mittelschule.de\/index.php?rest_route=%2Fwp%2Fv2%2Fcomments&post=702"}],"version-history":[{"count":3,"href":"https:\/\/rueckert-mittelschule.de\/index.php?rest_route=\/wp\/v2\/posts\/702\/revisions"}],"predecessor-version":[{"id":709,"href":"https:\/\/rueckert-mittelschule.de\/index.php?rest_route=\/wp\/v2\/posts\/702\/revisions\/709"}],"wp:attachment":[{"href":"https:\/\/rueckert-mittelschule.de\/index.php?rest_route=%2Fwp%2Fv2%2Fmedia&parent=702"}],"wp:term":[{"taxonomy":"category","embeddable":true,"href":"https:\/\/rueckert-mittelschule.de\/index.php?rest_route=%2Fwp%2Fv2%2Fcategories&post=702"},{"taxonomy":"post_tag","embeddable":true,"href":"https:\/\/rueckert-mittelschule.de\/index.php?rest_route=%2Fwp%2Fv2%2Ftags&post=702"}],"curies":[{"name":"wp","href":"https:\/\/api.w.org\/{rel}","templated":true}]}}