{"id":596,"date":"2024-07-27T16:35:28","date_gmt":"2024-07-27T14:35:28","guid":{"rendered":"https:\/\/rck.bplaced.net\/?p=596"},"modified":"2024-07-27T16:35:28","modified_gmt":"2024-07-27T14:35:28","slug":"jahresbericht-2023-24","status":"publish","type":"post","link":"https:\/\/rueckert-mittelschule.de\/?p=596","title":{"rendered":"JAHRESBERICHT 2023\/ 24"},"content":{"rendered":"\n<p>Im Folgenden finden Sie den digitalen Jahresbericht der R\u00fcckert- Mittelschule. Gro\u00dfes Dankesch\u00f6n an Herrn Sebald f\u00fcr seine Arbeit!<\/p>\n\n\n\n<div data-wp-interactive=\"core\/file\" class=\"wp-block-file\"><object data-wp-bind--hidden=\"!state.hasPdfPreview\" hidden class=\"wp-block-file__embed\" data=\"https:\/\/rueckert-mittelschule.de\/wp-content\/uploads\/2024\/07\/Jahresrueckblick_23_24.pdf\" type=\"application\/pdf\" style=\"width:100%;height:600px\" aria-label=\"Einbettung von Jahresrueckblick_23_24.\"><\/object><a id=\"wp-block-file--media-3213cc10-4fc5-4142-bf6f-47a8b16bd1a3\" href=\"https:\/\/rueckert-mittelschule.de\/wp-content\/uploads\/2024\/07\/Jahresrueckblick_23_24.pdf\">Jahresrueckblick_23_24<\/a><a href=\"https:\/\/rueckert-mittelschule.de\/wp-content\/uploads\/2024\/07\/Jahresrueckblick_23_24.pdf\" class=\"wp-block-file__button wp-element-button\" download aria-describedby=\"wp-block-file--media-3213cc10-4fc5-4142-bf6f-47a8b16bd1a3\">Herunterladen<\/a><\/div>\n","protected":false},"excerpt":{"rendered":"<p>Im Folgenden finden Sie den digitalen Jahresbericht der R\u00fcckert- Mittelschule. Gro\u00dfes Dankesch\u00f6n an Herrn Sebald f\u00fcr seine Arbeit!<\/p>\n","protected":false},"author":3,"featured_media":0,"comment_status":"closed","ping_status":"closed","sticky":false,"template":"","format":"standard","meta":{"footnotes":""},"categories":[1],"tags":[],"class_list":["post-596","post","type-post","status-publish","format-standard","hentry","category-allgemein"],"_links":{"self":[{"href":"https:\/\/rueckert-mittelschule.de\/index.php?rest_route=\/wp\/v2\/posts\/596","targetHints":{"allow":["GET"]}}],"collection":[{"href":"https:\/\/rueckert-mittelschule.de\/index.php?rest_route=\/wp\/v2\/posts"}],"about":[{"href":"https:\/\/rueckert-mittelschule.de\/index.php?rest_route=\/wp\/v2\/types\/post"}],"author":[{"embeddable":true,"href":"https:\/\/rueckert-mittelschule.de\/index.php?rest_route=\/wp\/v2\/users\/3"}],"replies":[{"embeddable":true,"href":"https:\/\/rueckert-mittelschule.de\/index.php?rest_route=%2Fwp%2Fv2%2Fcomments&post=596"}],"version-history":[{"count":1,"href":"https:\/\/rueckert-mittelschule.de\/index.php?rest_route=\/wp\/v2\/posts\/596\/revisions"}],"predecessor-version":[{"id":598,"href":"https:\/\/rueckert-mittelschule.de\/index.php?rest_route=\/wp\/v2\/posts\/596\/revisions\/598"}],"wp:attachment":[{"href":"https:\/\/rueckert-mittelschule.de\/index.php?rest_route=%2Fwp%2Fv2%2Fmedia&parent=596"}],"wp:term":[{"taxonomy":"category","embeddable":true,"href":"https:\/\/rueckert-mittelschule.de\/index.php?rest_route=%2Fwp%2Fv2%2Fcategories&post=596"},{"taxonomy":"post_tag","embeddable":true,"href":"https:\/\/rueckert-mittelschule.de\/index.php?rest_route=%2Fwp%2Fv2%2Ftags&post=596"}],"curies":[{"name":"wp","href":"https:\/\/api.w.org\/{rel}","templated":true}]}}