{"id":548,"date":"2023-11-28T14:25:13","date_gmt":"2023-11-28T13:25:13","guid":{"rendered":"https:\/\/rck.bplaced.net\/?p=548"},"modified":"2023-11-28T14:26:37","modified_gmt":"2023-11-28T13:26:37","slug":"generationsuebergreifendes-lernen","status":"publish","type":"post","link":"https:\/\/rueckert-mittelschule.de\/?p=548","title":{"rendered":"Generations\u00fcbergreifendes Lernen"},"content":{"rendered":"\n<p>Die Klasse 5G der R\u00fcckert-Mittelschule startete eine Kooperation mit dem Seniorenheim Itzterassen.<\/p>\n\n\n\n<p>Warum braucht es generations\u00fcbergreifendes Lernen?<\/p>\n\n\n\n<p>Generations\u00fcbergreifendes Lernen reduziert die Isolation von j\u00fcngeren und \u00e4lteren Menschen, welche in fr\u00fcheren Gro\u00dffamilienhaushalten derart nicht gegeben war. Stereotype und gegenseitige Vorurteile werden durch das gegenseitige Kennenlernen reduziert, neue Probleml\u00f6sungsmuster k\u00f6nnen gemeinsam erarbeitet und angeeignet werden, man bleibt innovativ.<br>Um voneinander lernen zu k\u00f6nnen, braucht es Kommunikation: sich kennenlernen, verstehen und wechselseitig akzeptieren.<\/p>\n\n\n\n<figure class=\"wp-block-image size-large\"><img loading=\"lazy\" decoding=\"async\" width=\"1024\" height=\"768\" src=\"https:\/\/rueckert-mittelschule.de\/wp-content\/uploads\/2023\/11\/bild1-1024x768.jpeg\" alt=\"\" class=\"wp-image-549\" srcset=\"https:\/\/rueckert-mittelschule.de\/wp-content\/uploads\/2023\/11\/bild1-1024x768.jpeg 1024w, https:\/\/rueckert-mittelschule.de\/wp-content\/uploads\/2023\/11\/bild1-300x225.jpeg 300w, https:\/\/rueckert-mittelschule.de\/wp-content\/uploads\/2023\/11\/bild1-768x576.jpeg 768w, https:\/\/rueckert-mittelschule.de\/wp-content\/uploads\/2023\/11\/bild1-1536x1152.jpeg 1536w, https:\/\/rueckert-mittelschule.de\/wp-content\/uploads\/2023\/11\/bild1-2048x1536.jpeg 2048w, https:\/\/rueckert-mittelschule.de\/wp-content\/uploads\/2023\/11\/bild1-2000x1500.jpeg 2000w\" sizes=\"auto, (max-width: 1024px) 100vw, 1024px\" \/><\/figure>\n\n\n\n<figure class=\"wp-block-image size-large\"><img loading=\"lazy\" decoding=\"async\" width=\"768\" height=\"1024\" src=\"https:\/\/rueckert-mittelschule.de\/wp-content\/uploads\/2023\/11\/bild2-768x1024.jpeg\" alt=\"\" class=\"wp-image-550\" srcset=\"https:\/\/rueckert-mittelschule.de\/wp-content\/uploads\/2023\/11\/bild2-768x1024.jpeg 768w, https:\/\/rueckert-mittelschule.de\/wp-content\/uploads\/2023\/11\/bild2-225x300.jpeg 225w, https:\/\/rueckert-mittelschule.de\/wp-content\/uploads\/2023\/11\/bild2-1152x1536.jpeg 1152w, https:\/\/rueckert-mittelschule.de\/wp-content\/uploads\/2023\/11\/bild2-1536x2048.jpeg 1536w, https:\/\/rueckert-mittelschule.de\/wp-content\/uploads\/2023\/11\/bild2-2000x2667.jpeg 2000w, https:\/\/rueckert-mittelschule.de\/wp-content\/uploads\/2023\/11\/bild2-scaled.jpeg 1920w\" sizes=\"auto, (max-width: 768px) 100vw, 768px\" \/><\/figure>\n\n\n\n<figure class=\"wp-block-image size-large\"><img loading=\"lazy\" decoding=\"async\" width=\"1024\" height=\"768\" src=\"https:\/\/rueckert-mittelschule.de\/wp-content\/uploads\/2023\/11\/bild-3-1024x768.jpeg\" alt=\"\" class=\"wp-image-551\" srcset=\"https:\/\/rueckert-mittelschule.de\/wp-content\/uploads\/2023\/11\/bild-3-1024x768.jpeg 1024w, https:\/\/rueckert-mittelschule.de\/wp-content\/uploads\/2023\/11\/bild-3-300x225.jpeg 300w, https:\/\/rueckert-mittelschule.de\/wp-content\/uploads\/2023\/11\/bild-3-768x576.jpeg 768w, https:\/\/rueckert-mittelschule.de\/wp-content\/uploads\/2023\/11\/bild-3-1536x1152.jpeg 1536w, https:\/\/rueckert-mittelschule.de\/wp-content\/uploads\/2023\/11\/bild-3-2048x1536.jpeg 2048w, https:\/\/rueckert-mittelschule.de\/wp-content\/uploads\/2023\/11\/bild-3-2000x1500.jpeg 2000w\" sizes=\"auto, (max-width: 1024px) 100vw, 1024px\" \/><\/figure>\n\n\n\n<figure class=\"wp-block-image size-large\"><img loading=\"lazy\" decoding=\"async\" width=\"1024\" height=\"768\" src=\"https:\/\/rueckert-mittelschule.de\/wp-content\/uploads\/2023\/11\/bild-4-1024x768.jpeg\" alt=\"\" class=\"wp-image-552\" srcset=\"https:\/\/rueckert-mittelschule.de\/wp-content\/uploads\/2023\/11\/bild-4-1024x768.jpeg 1024w, https:\/\/rueckert-mittelschule.de\/wp-content\/uploads\/2023\/11\/bild-4-300x225.jpeg 300w, https:\/\/rueckert-mittelschule.de\/wp-content\/uploads\/2023\/11\/bild-4-768x576.jpeg 768w, https:\/\/rueckert-mittelschule.de\/wp-content\/uploads\/2023\/11\/bild-4-1536x1152.jpeg 1536w, https:\/\/rueckert-mittelschule.de\/wp-content\/uploads\/2023\/11\/bild-4-2048x1536.jpeg 2048w, https:\/\/rueckert-mittelschule.de\/wp-content\/uploads\/2023\/11\/bild-4-2000x1500.jpeg 2000w\" sizes=\"auto, (max-width: 1024px) 100vw, 1024px\" \/><\/figure>\n","protected":false},"excerpt":{"rendered":"<p>Die Klasse 5G der R\u00fcckert-Mittelschule startete eine Kooperation mit dem Seniorenheim Itzterassen. Warum braucht es generations\u00fcbergreifendes Lernen? Generations\u00fcbergreifendes Lernen reduziert die Isolation von j\u00fcngeren und \u00e4lteren Menschen, welche in fr\u00fcheren Gro\u00dffamilienhaushalten derart nicht gegeben war. Stereotype und gegenseitige Vorurteile werden durch das gegenseitige Kennenlernen reduziert, neue Probleml\u00f6sungsmuster k\u00f6nnen gemeinsam erarbeitet und angeeignet werden, man bleibt &hellip; <\/p>\n<p class=\"link-more\"><a href=\"https:\/\/rueckert-mittelschule.de\/?p=548\" class=\"more-link\">Mehr <span class=\"screen-reader-text\">\u00fcber &#8222;Generations\u00fcbergreifendes Lernen&#8220; <\/span>Lesen<\/a><\/p>\n","protected":false},"author":3,"featured_media":550,"comment_status":"closed","ping_status":"closed","sticky":false,"template":"","format":"standard","meta":{"footnotes":""},"categories":[1],"tags":[],"class_list":["post-548","post","type-post","status-publish","format-standard","has-post-thumbnail","hentry","category-allgemein"],"_links":{"self":[{"href":"https:\/\/rueckert-mittelschule.de\/index.php?rest_route=\/wp\/v2\/posts\/548","targetHints":{"allow":["GET"]}}],"collection":[{"href":"https:\/\/rueckert-mittelschule.de\/index.php?rest_route=\/wp\/v2\/posts"}],"about":[{"href":"https:\/\/rueckert-mittelschule.de\/index.php?rest_route=\/wp\/v2\/types\/post"}],"author":[{"embeddable":true,"href":"https:\/\/rueckert-mittelschule.de\/index.php?rest_route=\/wp\/v2\/users\/3"}],"replies":[{"embeddable":true,"href":"https:\/\/rueckert-mittelschule.de\/index.php?rest_route=%2Fwp%2Fv2%2Fcomments&post=548"}],"version-history":[{"count":1,"href":"https:\/\/rueckert-mittelschule.de\/index.php?rest_route=\/wp\/v2\/posts\/548\/revisions"}],"predecessor-version":[{"id":553,"href":"https:\/\/rueckert-mittelschule.de\/index.php?rest_route=\/wp\/v2\/posts\/548\/revisions\/553"}],"wp:featuredmedia":[{"embeddable":true,"href":"https:\/\/rueckert-mittelschule.de\/index.php?rest_route=\/wp\/v2\/media\/550"}],"wp:attachment":[{"href":"https:\/\/rueckert-mittelschule.de\/index.php?rest_route=%2Fwp%2Fv2%2Fmedia&parent=548"}],"wp:term":[{"taxonomy":"category","embeddable":true,"href":"https:\/\/rueckert-mittelschule.de\/index.php?rest_route=%2Fwp%2Fv2%2Fcategories&post=548"},{"taxonomy":"post_tag","embeddable":true,"href":"https:\/\/rueckert-mittelschule.de\/index.php?rest_route=%2Fwp%2Fv2%2Ftags&post=548"}],"curies":[{"name":"wp","href":"https:\/\/api.w.org\/{rel}","templated":true}]}}