{"id":479,"date":"2023-09-19T17:23:57","date_gmt":"2023-09-19T15:23:57","guid":{"rendered":"https:\/\/rck.bplaced.net\/?p=479"},"modified":"2023-09-19T17:31:34","modified_gmt":"2023-09-19T15:31:34","slug":"ausflug-der-klassen-7a-und-7b-nach-bamberg","status":"publish","type":"post","link":"https:\/\/rueckert-mittelschule.de\/?p=479","title":{"rendered":"Ausflug der Klassen 7a und 7b nach Bamberg"},"content":{"rendered":"\n<p>Die Klassen 7a und 7b machten am 19.9.23 mit ihren Klassenleitungen Frau Oberender-Metzner und Herrn Sebald einen Ausflug nach Bamberg mit dem Zug. Dort ging es zun\u00e4chst gemeinsam auf die Minigolfanlage, auf der viele Sch\u00fcler und Sch\u00fclerinnen ihren Spa\u00df hatten. Das n\u00e4chste Ziel war die Fu\u00dfg\u00e4ngerzone von Bamberg, in der sich die Sch\u00fcler und Sch\u00fclerinnen in Kleingruppen aufhalten durften. Bei herrlichem Wetter wurde geshoppt und gem\u00fctlich ein Eis gegessen. Ein insgesamt sehr gelungener Ausflug!<\/p>\n\n\n\n<figure class=\"wp-block-image size-large\"><img loading=\"lazy\" decoding=\"async\" width=\"768\" height=\"1024\" src=\"https:\/\/rueckert-mittelschule.de\/wp-content\/uploads\/2023\/09\/IMG_5973-768x1024.jpeg\" alt=\"\" class=\"wp-image-480\" srcset=\"https:\/\/rueckert-mittelschule.de\/wp-content\/uploads\/2023\/09\/IMG_5973-768x1024.jpeg 768w, https:\/\/rueckert-mittelschule.de\/wp-content\/uploads\/2023\/09\/IMG_5973-225x300.jpeg 225w, https:\/\/rueckert-mittelschule.de\/wp-content\/uploads\/2023\/09\/IMG_5973-1152x1536.jpeg 1152w, https:\/\/rueckert-mittelschule.de\/wp-content\/uploads\/2023\/09\/IMG_5973-1536x2048.jpeg 1536w, https:\/\/rueckert-mittelschule.de\/wp-content\/uploads\/2023\/09\/IMG_5973-2000x2667.jpeg 2000w, https:\/\/rueckert-mittelschule.de\/wp-content\/uploads\/2023\/09\/IMG_5973-scaled.jpeg 1920w\" sizes=\"auto, (max-width: 768px) 100vw, 768px\" \/><\/figure>\n\n\n\n<figure class=\"wp-block-image size-large\"><img loading=\"lazy\" decoding=\"async\" width=\"768\" height=\"1024\" src=\"https:\/\/rueckert-mittelschule.de\/wp-content\/uploads\/2023\/09\/IMG_5976-1-768x1024.jpeg\" alt=\"\" class=\"wp-image-485\" srcset=\"https:\/\/rueckert-mittelschule.de\/wp-content\/uploads\/2023\/09\/IMG_5976-1-768x1024.jpeg 768w, https:\/\/rueckert-mittelschule.de\/wp-content\/uploads\/2023\/09\/IMG_5976-1-225x300.jpeg 225w, https:\/\/rueckert-mittelschule.de\/wp-content\/uploads\/2023\/09\/IMG_5976-1-1152x1536.jpeg 1152w, https:\/\/rueckert-mittelschule.de\/wp-content\/uploads\/2023\/09\/IMG_5976-1-1536x2048.jpeg 1536w, https:\/\/rueckert-mittelschule.de\/wp-content\/uploads\/2023\/09\/IMG_5976-1-2000x2667.jpeg 2000w, https:\/\/rueckert-mittelschule.de\/wp-content\/uploads\/2023\/09\/IMG_5976-1-scaled.jpeg 1920w\" sizes=\"auto, (max-width: 768px) 100vw, 768px\" \/><\/figure>\n\n\n\n<figure class=\"wp-block-image size-large\"><img loading=\"lazy\" decoding=\"async\" width=\"768\" height=\"1024\" src=\"https:\/\/rueckert-mittelschule.de\/wp-content\/uploads\/2023\/09\/IMG_5986-768x1024.jpeg\" alt=\"\" class=\"wp-image-487\" srcset=\"https:\/\/rueckert-mittelschule.de\/wp-content\/uploads\/2023\/09\/IMG_5986-768x1024.jpeg 768w, https:\/\/rueckert-mittelschule.de\/wp-content\/uploads\/2023\/09\/IMG_5986-225x300.jpeg 225w, https:\/\/rueckert-mittelschule.de\/wp-content\/uploads\/2023\/09\/IMG_5986-1152x1536.jpeg 1152w, https:\/\/rueckert-mittelschule.de\/wp-content\/uploads\/2023\/09\/IMG_5986-1536x2048.jpeg 1536w, https:\/\/rueckert-mittelschule.de\/wp-content\/uploads\/2023\/09\/IMG_5986-2000x2667.jpeg 2000w, https:\/\/rueckert-mittelschule.de\/wp-content\/uploads\/2023\/09\/IMG_5986-scaled.jpeg 1920w\" sizes=\"auto, (max-width: 768px) 100vw, 768px\" \/><\/figure>\n\n\n\n<figure class=\"wp-block-image size-large\"><img loading=\"lazy\" decoding=\"async\" width=\"1024\" height=\"768\" src=\"https:\/\/rueckert-mittelschule.de\/wp-content\/uploads\/2023\/09\/IMG_59891-1-1024x768.jpeg\" alt=\"\" class=\"wp-image-489\" srcset=\"https:\/\/rueckert-mittelschule.de\/wp-content\/uploads\/2023\/09\/IMG_59891-1-1024x768.jpeg 1024w, https:\/\/rueckert-mittelschule.de\/wp-content\/uploads\/2023\/09\/IMG_59891-1-300x225.jpeg 300w, https:\/\/rueckert-mittelschule.de\/wp-content\/uploads\/2023\/09\/IMG_59891-1-768x576.jpeg 768w, https:\/\/rueckert-mittelschule.de\/wp-content\/uploads\/2023\/09\/IMG_59891-1-1536x1152.jpeg 1536w, https:\/\/rueckert-mittelschule.de\/wp-content\/uploads\/2023\/09\/IMG_59891-1-2048x1536.jpeg 2048w, https:\/\/rueckert-mittelschule.de\/wp-content\/uploads\/2023\/09\/IMG_59891-1-2000x1500.jpeg 2000w\" sizes=\"auto, (max-width: 1024px) 100vw, 1024px\" \/><\/figure>\n","protected":false},"excerpt":{"rendered":"<p>Die Klassen 7a und 7b machten am 19.9.23 mit ihren Klassenleitungen Frau Oberender-Metzner und Herrn Sebald einen Ausflug nach Bamberg mit dem Zug. Dort ging es zun\u00e4chst gemeinsam auf die Minigolfanlage, auf der viele Sch\u00fcler und Sch\u00fclerinnen ihren Spa\u00df hatten. Das n\u00e4chste Ziel war die Fu\u00dfg\u00e4ngerzone von Bamberg, in der sich die Sch\u00fcler und Sch\u00fclerinnen &hellip; <\/p>\n<p class=\"link-more\"><a href=\"https:\/\/rueckert-mittelschule.de\/?p=479\" class=\"more-link\">Mehr <span class=\"screen-reader-text\">\u00fcber &#8222;Ausflug der Klassen 7a und 7b nach Bamberg&#8220; <\/span>Lesen<\/a><\/p>\n","protected":false},"author":3,"featured_media":489,"comment_status":"closed","ping_status":"closed","sticky":false,"template":"","format":"standard","meta":{"footnotes":""},"categories":[1],"tags":[],"class_list":["post-479","post","type-post","status-publish","format-standard","has-post-thumbnail","hentry","category-allgemein"],"_links":{"self":[{"href":"https:\/\/rueckert-mittelschule.de\/index.php?rest_route=\/wp\/v2\/posts\/479","targetHints":{"allow":["GET"]}}],"collection":[{"href":"https:\/\/rueckert-mittelschule.de\/index.php?rest_route=\/wp\/v2\/posts"}],"about":[{"href":"https:\/\/rueckert-mittelschule.de\/index.php?rest_route=\/wp\/v2\/types\/post"}],"author":[{"embeddable":true,"href":"https:\/\/rueckert-mittelschule.de\/index.php?rest_route=\/wp\/v2\/users\/3"}],"replies":[{"embeddable":true,"href":"https:\/\/rueckert-mittelschule.de\/index.php?rest_route=%2Fwp%2Fv2%2Fcomments&post=479"}],"version-history":[{"count":3,"href":"https:\/\/rueckert-mittelschule.de\/index.php?rest_route=\/wp\/v2\/posts\/479\/revisions"}],"predecessor-version":[{"id":490,"href":"https:\/\/rueckert-mittelschule.de\/index.php?rest_route=\/wp\/v2\/posts\/479\/revisions\/490"}],"wp:featuredmedia":[{"embeddable":true,"href":"https:\/\/rueckert-mittelschule.de\/index.php?rest_route=\/wp\/v2\/media\/489"}],"wp:attachment":[{"href":"https:\/\/rueckert-mittelschule.de\/index.php?rest_route=%2Fwp%2Fv2%2Fmedia&parent=479"}],"wp:term":[{"taxonomy":"category","embeddable":true,"href":"https:\/\/rueckert-mittelschule.de\/index.php?rest_route=%2Fwp%2Fv2%2Fcategories&post=479"},{"taxonomy":"post_tag","embeddable":true,"href":"https:\/\/rueckert-mittelschule.de\/index.php?rest_route=%2Fwp%2Fv2%2Ftags&post=479"}],"curies":[{"name":"wp","href":"https:\/\/api.w.org\/{rel}","templated":true}]}}