{"id":448,"date":"2023-07-25T22:26:09","date_gmt":"2023-07-25T20:26:09","guid":{"rendered":"https:\/\/rck.bplaced.net\/?p=448"},"modified":"2023-07-25T22:26:48","modified_gmt":"2023-07-25T20:26:48","slug":"kuchen-backeh-fuer-die-rehkitzrettung-tiefenroth-e-v","status":"publish","type":"post","link":"https:\/\/rueckert-mittelschule.de\/?p=448","title":{"rendered":"Kuchen backen f\u00fcr die Rehkitzrettung Tiefenroth e.V"},"content":{"rendered":"\n<p>Die Kinder der Klasse 6b und ihr Klassenlehrer Herr Kremm haben w\u00e4hrend der Pause selbstgebackene Kuchen verkauft. Der gesamte Erl\u00f6s ging als Spende an die Rehkitzrettung Tiefenroth e.V. Mit einem gro\u00dfen Dankesch\u00f6n haben die 1. Vorsitzende Corinna Badum und der 2. Vorsitzende Daniel Warmuth die Spende bei einem Besuch in der Klasse 6b entgegen genommen. Die Kinder konnten Fragen stellen und noch einiges \u00fcber das Thema Rehkitzrettung erfahren.<\/p>\n\n\n\n<figure class=\"wp-block-image size-large\"><img loading=\"lazy\" decoding=\"async\" width=\"1024\" height=\"768\" src=\"https:\/\/rueckert-mittelschule.de\/wp-content\/uploads\/2023\/07\/583e2142-673d-47b2-9a99-a0673eb0dc9b2-1024x768.jpeg\" alt=\"\" class=\"wp-image-449\" srcset=\"https:\/\/rueckert-mittelschule.de\/wp-content\/uploads\/2023\/07\/583e2142-673d-47b2-9a99-a0673eb0dc9b2-1024x768.jpeg 1024w, https:\/\/rueckert-mittelschule.de\/wp-content\/uploads\/2023\/07\/583e2142-673d-47b2-9a99-a0673eb0dc9b2-300x225.jpeg 300w, https:\/\/rueckert-mittelschule.de\/wp-content\/uploads\/2023\/07\/583e2142-673d-47b2-9a99-a0673eb0dc9b2-768x576.jpeg 768w, https:\/\/rueckert-mittelschule.de\/wp-content\/uploads\/2023\/07\/583e2142-673d-47b2-9a99-a0673eb0dc9b2-1536x1152.jpeg 1536w, https:\/\/rueckert-mittelschule.de\/wp-content\/uploads\/2023\/07\/583e2142-673d-47b2-9a99-a0673eb0dc9b2.jpeg 1600w\" sizes=\"auto, (max-width: 1024px) 100vw, 1024px\" \/><\/figure>\n","protected":false},"excerpt":{"rendered":"<p>Die Kinder der Klasse 6b und ihr Klassenlehrer Herr Kremm haben w\u00e4hrend der Pause selbstgebackene Kuchen verkauft. Der gesamte Erl\u00f6s ging als Spende an die Rehkitzrettung Tiefenroth e.V. Mit einem gro\u00dfen Dankesch\u00f6n haben die 1. Vorsitzende Corinna Badum und der 2. Vorsitzende Daniel Warmuth die Spende bei einem Besuch in der Klasse 6b entgegen genommen. &hellip; <\/p>\n<p class=\"link-more\"><a href=\"https:\/\/rueckert-mittelschule.de\/?p=448\" class=\"more-link\">Mehr <span class=\"screen-reader-text\">\u00fcber &#8222;Kuchen backen f\u00fcr die Rehkitzrettung Tiefenroth e.V&#8220; <\/span>Lesen<\/a><\/p>\n","protected":false},"author":3,"featured_media":449,"comment_status":"closed","ping_status":"closed","sticky":false,"template":"","format":"standard","meta":{"footnotes":""},"categories":[1],"tags":[],"class_list":["post-448","post","type-post","status-publish","format-standard","has-post-thumbnail","hentry","category-allgemein"],"_links":{"self":[{"href":"https:\/\/rueckert-mittelschule.de\/index.php?rest_route=\/wp\/v2\/posts\/448","targetHints":{"allow":["GET"]}}],"collection":[{"href":"https:\/\/rueckert-mittelschule.de\/index.php?rest_route=\/wp\/v2\/posts"}],"about":[{"href":"https:\/\/rueckert-mittelschule.de\/index.php?rest_route=\/wp\/v2\/types\/post"}],"author":[{"embeddable":true,"href":"https:\/\/rueckert-mittelschule.de\/index.php?rest_route=\/wp\/v2\/users\/3"}],"replies":[{"embeddable":true,"href":"https:\/\/rueckert-mittelschule.de\/index.php?rest_route=%2Fwp%2Fv2%2Fcomments&post=448"}],"version-history":[{"count":2,"href":"https:\/\/rueckert-mittelschule.de\/index.php?rest_route=\/wp\/v2\/posts\/448\/revisions"}],"predecessor-version":[{"id":451,"href":"https:\/\/rueckert-mittelschule.de\/index.php?rest_route=\/wp\/v2\/posts\/448\/revisions\/451"}],"wp:featuredmedia":[{"embeddable":true,"href":"https:\/\/rueckert-mittelschule.de\/index.php?rest_route=\/wp\/v2\/media\/449"}],"wp:attachment":[{"href":"https:\/\/rueckert-mittelschule.de\/index.php?rest_route=%2Fwp%2Fv2%2Fmedia&parent=448"}],"wp:term":[{"taxonomy":"category","embeddable":true,"href":"https:\/\/rueckert-mittelschule.de\/index.php?rest_route=%2Fwp%2Fv2%2Fcategories&post=448"},{"taxonomy":"post_tag","embeddable":true,"href":"https:\/\/rueckert-mittelschule.de\/index.php?rest_route=%2Fwp%2Fv2%2Ftags&post=448"}],"curies":[{"name":"wp","href":"https:\/\/api.w.org\/{rel}","templated":true}]}}