{"id":439,"date":"2023-07-21T11:02:51","date_gmt":"2023-07-21T09:02:51","guid":{"rendered":"https:\/\/rck.bplaced.net\/?p=439"},"modified":"2023-07-21T11:04:43","modified_gmt":"2023-07-21T09:04:43","slug":"praemierung-und-ausstellungen-bunt-statt-blau-kunst-gegen-komasaufen-in-der-stadtbuecherei","status":"publish","type":"post","link":"https:\/\/rueckert-mittelschule.de\/?p=439","title":{"rendered":"Pr\u00e4mierung und Ausstellungen \u201eBunt statt Blau\u201c Kunst gegen Komasaufen in der Stadtb\u00fccherei"},"content":{"rendered":"\n<p>Am 20.7 waren wir , die 8a und Herr Sauerteig, zur Pr\u00e4mierung und zur Ausstellungser\u00f6ffnung von der DAK in die Stadtb\u00fccherei eingeladen.<\/p>\n\n\n\n<p>Eine Jury bestehend aus Vertretern von Polizei, Stadt Coburg, Jugendpflege, sowie der Stadtb\u00fccherei w\u00e4hlte die drei \u201eSieger\/innen\u201c aus unseren eingereichten Plakaten. Denn nur wir , die 8a der R\u00fcckertschule, nahmen in Coburg teil.<\/p>\n\n\n\n<ol class=\"wp-block-list\">\n<li>Rama<\/li>\n\n\n\n<li>Carolina<\/li>\n\n\n\n<li>Anna-Lena<\/li>\n<\/ol>\n\n\n\n<p>Bis zum 02.09 sind unsere Plakate dort exklusiv ausgestellt.<\/p>\n\n\n\n<p>Danke an Frau Koch und Herrn Seifarth von der DAK sowie der Jury und der Stadtb\u00fccherei!<\/p>\n\n\n\n<p>Klasse 8a und Herr Sauerteig<\/p>\n\n\n\n<figure class=\"wp-block-image size-full\"><img loading=\"lazy\" decoding=\"async\" width=\"722\" height=\"1024\" src=\"https:\/\/rueckert-mittelschule.de\/wp-content\/uploads\/2023\/07\/sauerteig-1.jpeg\" alt=\"\" class=\"wp-image-440\" srcset=\"https:\/\/rueckert-mittelschule.de\/wp-content\/uploads\/2023\/07\/sauerteig-1.jpeg 722w, https:\/\/rueckert-mittelschule.de\/wp-content\/uploads\/2023\/07\/sauerteig-1-212x300.jpeg 212w\" sizes=\"auto, (max-width: 722px) 100vw, 722px\" \/><\/figure>\n\n\n\n<figure class=\"wp-block-image size-full\"><img loading=\"lazy\" decoding=\"async\" width=\"1024\" height=\"768\" src=\"https:\/\/rueckert-mittelschule.de\/wp-content\/uploads\/2023\/07\/sauerteig-2.jpeg\" alt=\"\" class=\"wp-image-441\" srcset=\"https:\/\/rueckert-mittelschule.de\/wp-content\/uploads\/2023\/07\/sauerteig-2.jpeg 1024w, https:\/\/rueckert-mittelschule.de\/wp-content\/uploads\/2023\/07\/sauerteig-2-300x225.jpeg 300w, https:\/\/rueckert-mittelschule.de\/wp-content\/uploads\/2023\/07\/sauerteig-2-768x576.jpeg 768w\" sizes=\"auto, (max-width: 1024px) 100vw, 1024px\" \/><\/figure>\n\n\n\n<figure class=\"wp-block-image size-full\"><img loading=\"lazy\" decoding=\"async\" width=\"1024\" height=\"920\" src=\"https:\/\/rueckert-mittelschule.de\/wp-content\/uploads\/2023\/07\/sauerteig-3.jpeg\" alt=\"\" class=\"wp-image-442\" srcset=\"https:\/\/rueckert-mittelschule.de\/wp-content\/uploads\/2023\/07\/sauerteig-3.jpeg 1024w, https:\/\/rueckert-mittelschule.de\/wp-content\/uploads\/2023\/07\/sauerteig-3-300x270.jpeg 300w, https:\/\/rueckert-mittelschule.de\/wp-content\/uploads\/2023\/07\/sauerteig-3-768x690.jpeg 768w\" sizes=\"auto, (max-width: 1024px) 100vw, 1024px\" \/><\/figure>\n\n\n\n<figure class=\"wp-block-image size-full\"><img loading=\"lazy\" decoding=\"async\" width=\"768\" height=\"1024\" src=\"https:\/\/rueckert-mittelschule.de\/wp-content\/uploads\/2023\/07\/sauerteig-4.jpeg\" alt=\"\" class=\"wp-image-443\" srcset=\"https:\/\/rueckert-mittelschule.de\/wp-content\/uploads\/2023\/07\/sauerteig-4.jpeg 768w, https:\/\/rueckert-mittelschule.de\/wp-content\/uploads\/2023\/07\/sauerteig-4-225x300.jpeg 225w\" sizes=\"auto, (max-width: 768px) 100vw, 768px\" \/><\/figure>\n\n\n\n<figure class=\"wp-block-image size-full\"><img loading=\"lazy\" decoding=\"async\" width=\"1024\" height=\"768\" src=\"https:\/\/rueckert-mittelschule.de\/wp-content\/uploads\/2023\/07\/sauerteig-5.jpeg\" alt=\"\" class=\"wp-image-444\" srcset=\"https:\/\/rueckert-mittelschule.de\/wp-content\/uploads\/2023\/07\/sauerteig-5.jpeg 1024w, https:\/\/rueckert-mittelschule.de\/wp-content\/uploads\/2023\/07\/sauerteig-5-300x225.jpeg 300w, https:\/\/rueckert-mittelschule.de\/wp-content\/uploads\/2023\/07\/sauerteig-5-768x576.jpeg 768w\" sizes=\"auto, (max-width: 1024px) 100vw, 1024px\" \/><\/figure>\n\n\n\n<figure class=\"wp-block-image size-full\"><img loading=\"lazy\" decoding=\"async\" width=\"799\" height=\"1024\" src=\"https:\/\/rueckert-mittelschule.de\/wp-content\/uploads\/2023\/07\/sauerteig-6.jpeg\" alt=\"\" class=\"wp-image-445\" srcset=\"https:\/\/rueckert-mittelschule.de\/wp-content\/uploads\/2023\/07\/sauerteig-6.jpeg 799w, https:\/\/rueckert-mittelschule.de\/wp-content\/uploads\/2023\/07\/sauerteig-6-234x300.jpeg 234w, https:\/\/rueckert-mittelschule.de\/wp-content\/uploads\/2023\/07\/sauerteig-6-768x984.jpeg 768w\" sizes=\"auto, (max-width: 799px) 100vw, 799px\" \/><\/figure>\n\n\n\n<figure class=\"wp-block-image size-full\"><img loading=\"lazy\" decoding=\"async\" width=\"1024\" height=\"683\" src=\"https:\/\/rueckert-mittelschule.de\/wp-content\/uploads\/2023\/07\/sauerteig-7.jpeg\" alt=\"\" class=\"wp-image-446\" srcset=\"https:\/\/rueckert-mittelschule.de\/wp-content\/uploads\/2023\/07\/sauerteig-7.jpeg 1024w, https:\/\/rueckert-mittelschule.de\/wp-content\/uploads\/2023\/07\/sauerteig-7-300x200.jpeg 300w, https:\/\/rueckert-mittelschule.de\/wp-content\/uploads\/2023\/07\/sauerteig-7-768x512.jpeg 768w\" sizes=\"auto, (max-width: 1024px) 100vw, 1024px\" \/><\/figure>\n","protected":false},"excerpt":{"rendered":"<p>Am 20.7 waren wir , die 8a und Herr Sauerteig, zur Pr\u00e4mierung und zur Ausstellungser\u00f6ffnung von der DAK in die Stadtb\u00fccherei eingeladen. Eine Jury bestehend aus Vertretern von Polizei, Stadt Coburg, Jugendpflege, sowie der Stadtb\u00fccherei w\u00e4hlte die drei \u201eSieger\/innen\u201c aus unseren eingereichten Plakaten. Denn nur wir , die 8a der R\u00fcckertschule, nahmen in Coburg teil. &hellip; <\/p>\n<p class=\"link-more\"><a href=\"https:\/\/rueckert-mittelschule.de\/?p=439\" class=\"more-link\">Mehr <span class=\"screen-reader-text\">\u00fcber &#8222;Pr\u00e4mierung und Ausstellungen \u201eBunt statt Blau\u201c Kunst gegen Komasaufen in der Stadtb\u00fccherei&#8220; <\/span>Lesen<\/a><\/p>\n","protected":false},"author":3,"featured_media":446,"comment_status":"closed","ping_status":"closed","sticky":false,"template":"","format":"standard","meta":{"footnotes":""},"categories":[1],"tags":[],"class_list":["post-439","post","type-post","status-publish","format-standard","has-post-thumbnail","hentry","category-allgemein"],"_links":{"self":[{"href":"https:\/\/rueckert-mittelschule.de\/index.php?rest_route=\/wp\/v2\/posts\/439","targetHints":{"allow":["GET"]}}],"collection":[{"href":"https:\/\/rueckert-mittelschule.de\/index.php?rest_route=\/wp\/v2\/posts"}],"about":[{"href":"https:\/\/rueckert-mittelschule.de\/index.php?rest_route=\/wp\/v2\/types\/post"}],"author":[{"embeddable":true,"href":"https:\/\/rueckert-mittelschule.de\/index.php?rest_route=\/wp\/v2\/users\/3"}],"replies":[{"embeddable":true,"href":"https:\/\/rueckert-mittelschule.de\/index.php?rest_route=%2Fwp%2Fv2%2Fcomments&post=439"}],"version-history":[{"count":1,"href":"https:\/\/rueckert-mittelschule.de\/index.php?rest_route=\/wp\/v2\/posts\/439\/revisions"}],"predecessor-version":[{"id":447,"href":"https:\/\/rueckert-mittelschule.de\/index.php?rest_route=\/wp\/v2\/posts\/439\/revisions\/447"}],"wp:featuredmedia":[{"embeddable":true,"href":"https:\/\/rueckert-mittelschule.de\/index.php?rest_route=\/wp\/v2\/media\/446"}],"wp:attachment":[{"href":"https:\/\/rueckert-mittelschule.de\/index.php?rest_route=%2Fwp%2Fv2%2Fmedia&parent=439"}],"wp:term":[{"taxonomy":"category","embeddable":true,"href":"https:\/\/rueckert-mittelschule.de\/index.php?rest_route=%2Fwp%2Fv2%2Fcategories&post=439"},{"taxonomy":"post_tag","embeddable":true,"href":"https:\/\/rueckert-mittelschule.de\/index.php?rest_route=%2Fwp%2Fv2%2Ftags&post=439"}],"curies":[{"name":"wp","href":"https:\/\/api.w.org\/{rel}","templated":true}]}}