{"id":416,"date":"2023-06-16T13:33:22","date_gmt":"2023-06-16T11:33:22","guid":{"rendered":"https:\/\/rck.bplaced.net\/?p=416"},"modified":"2023-06-16T13:33:22","modified_gmt":"2023-06-16T11:33:22","slug":"tag-des-handwerks-der-8a-bei-ernst-auto","status":"publish","type":"post","link":"https:\/\/rueckert-mittelschule.de\/?p=416","title":{"rendered":"Tag des Handwerks der 8a bei Ernst-Auto"},"content":{"rendered":"\n<p>Zum Tag des Handwerks waren wir mit Herrn Sauerteig bei Ernst-Auto zu Gast. Wir wurden dort vom Serviceleiter Herrn Domanski und weiteren Mitarbeitern in der Eventkantine \u201eAlte Liebe\u201c begr\u00fc\u00dft und in 5 Gruppen eingeteilt. Umfangreiche Einblicke erhielten wir an Stationen rund um das Auto: Mechatronik, Kfz-Werkstatt, Karosserie- und Fahrzeugbau, Lackiererei, Service-Annahme und T\u00e4tigkeiten eines Automobilkaufmannes\/ -frau und zudem Einblicke in den Teiledienst und in die T\u00e4tigkeiten des\/der Fachlageristen\/in. Passend zu den Stationen erhielten wir bestens vorbereite Steckbriefe samt Klemmbrett und Kuli zu den Ausbildungsberufen. Highlight waren zudem die spendierten K\u00fchltaschen mit Pausensnack in der \u201eAlten Liebe\u201c ! Abschlie\u00dfend bedanken sich die Klassensprecherinnen Angelina und Rama im Namen der Klasse.<br>Die 8a und Herr Sauerteig bedankt sich nochmals recht herzlich bei Herrn Joachim Ernst und Herrn Marcel Domanski sowie allen Mitarbeiterinnen und Mitarbeitern f\u00fcr die tollen Einblicke und die geopferte Zeit! Vielen Dank an Herrn Bernhard Heim, Herrn Petko Stefanov, Herrn Dominik Bohlein, Frau Sandra Kaspar, Herrn Viktor Rath, Frau Melissa Gro\u00dfmann, Herrn Maurice Peter, Herrn Ren\u00e9 L\u00f6ffler, Herrn Francesco Gertloff, Herrn Siegfried Thein und an die Azubis Julia, Maurice, Leon und Maxim. Wir hoffen, wir haben niemanden vergessen. Vielen , vielen Dank an das gesamte Autohaus Willi Ernst in Coburg!<\/p>\n\n\n\n<p>Klasse 8a und Herr Sauerteig<\/p>\n\n\n\n<figure class=\"wp-block-image size-full\"><img loading=\"lazy\" decoding=\"async\" width=\"1024\" height=\"768\" src=\"https:\/\/rueckert-mittelschule.de\/wp-content\/uploads\/2023\/06\/Tag-des-Hndwerks-1.jpeg\" alt=\"\" class=\"wp-image-417\" srcset=\"https:\/\/rueckert-mittelschule.de\/wp-content\/uploads\/2023\/06\/Tag-des-Hndwerks-1.jpeg 1024w, https:\/\/rueckert-mittelschule.de\/wp-content\/uploads\/2023\/06\/Tag-des-Hndwerks-1-300x225.jpeg 300w, https:\/\/rueckert-mittelschule.de\/wp-content\/uploads\/2023\/06\/Tag-des-Hndwerks-1-768x576.jpeg 768w\" sizes=\"auto, (max-width: 1024px) 100vw, 1024px\" \/><\/figure>\n\n\n\n<figure class=\"wp-block-image size-full\"><img loading=\"lazy\" decoding=\"async\" width=\"768\" height=\"1024\" src=\"https:\/\/rueckert-mittelschule.de\/wp-content\/uploads\/2023\/06\/Tag-des-Handwerks-2.jpeg\" alt=\"\" class=\"wp-image-418\" srcset=\"https:\/\/rueckert-mittelschule.de\/wp-content\/uploads\/2023\/06\/Tag-des-Handwerks-2.jpeg 768w, https:\/\/rueckert-mittelschule.de\/wp-content\/uploads\/2023\/06\/Tag-des-Handwerks-2-225x300.jpeg 225w\" sizes=\"auto, (max-width: 768px) 100vw, 768px\" \/><\/figure>\n\n\n\n<figure class=\"wp-block-image size-full\"><img loading=\"lazy\" decoding=\"async\" width=\"1024\" height=\"768\" src=\"https:\/\/rueckert-mittelschule.de\/wp-content\/uploads\/2023\/06\/Tag-des-Handwerks-3.jpeg\" alt=\"\" class=\"wp-image-419\" srcset=\"https:\/\/rueckert-mittelschule.de\/wp-content\/uploads\/2023\/06\/Tag-des-Handwerks-3.jpeg 1024w, https:\/\/rueckert-mittelschule.de\/wp-content\/uploads\/2023\/06\/Tag-des-Handwerks-3-300x225.jpeg 300w, https:\/\/rueckert-mittelschule.de\/wp-content\/uploads\/2023\/06\/Tag-des-Handwerks-3-768x576.jpeg 768w\" sizes=\"auto, (max-width: 1024px) 100vw, 1024px\" \/><\/figure>\n\n\n\n<figure class=\"wp-block-image size-full\"><img loading=\"lazy\" decoding=\"async\" width=\"882\" height=\"1024\" src=\"https:\/\/rueckert-mittelschule.de\/wp-content\/uploads\/2023\/06\/Tag-des-handwerks-5.jpeg\" alt=\"\" class=\"wp-image-420\" srcset=\"https:\/\/rueckert-mittelschule.de\/wp-content\/uploads\/2023\/06\/Tag-des-handwerks-5.jpeg 882w, https:\/\/rueckert-mittelschule.de\/wp-content\/uploads\/2023\/06\/Tag-des-handwerks-5-258x300.jpeg 258w, https:\/\/rueckert-mittelschule.de\/wp-content\/uploads\/2023\/06\/Tag-des-handwerks-5-768x892.jpeg 768w\" sizes=\"auto, (max-width: 882px) 100vw, 882px\" \/><\/figure>\n\n\n\n<figure class=\"wp-block-image size-full\"><img loading=\"lazy\" decoding=\"async\" width=\"1024\" height=\"768\" src=\"https:\/\/rueckert-mittelschule.de\/wp-content\/uploads\/2023\/06\/Tag-des-Handwerks-6.jpeg\" alt=\"\" class=\"wp-image-421\" srcset=\"https:\/\/rueckert-mittelschule.de\/wp-content\/uploads\/2023\/06\/Tag-des-Handwerks-6.jpeg 1024w, https:\/\/rueckert-mittelschule.de\/wp-content\/uploads\/2023\/06\/Tag-des-Handwerks-6-300x225.jpeg 300w, https:\/\/rueckert-mittelschule.de\/wp-content\/uploads\/2023\/06\/Tag-des-Handwerks-6-768x576.jpeg 768w\" sizes=\"auto, (max-width: 1024px) 100vw, 1024px\" \/><\/figure>\n","protected":false},"excerpt":{"rendered":"<p>Zum Tag des Handwerks waren wir mit Herrn Sauerteig bei Ernst-Auto zu Gast. Wir wurden dort vom Serviceleiter Herrn Domanski und weiteren Mitarbeitern in der Eventkantine \u201eAlte Liebe\u201c begr\u00fc\u00dft und in 5 Gruppen eingeteilt. Umfangreiche Einblicke erhielten wir an Stationen rund um das Auto: Mechatronik, Kfz-Werkstatt, Karosserie- und Fahrzeugbau, Lackiererei, Service-Annahme und T\u00e4tigkeiten eines Automobilkaufmannes\/ &hellip; <\/p>\n<p class=\"link-more\"><a href=\"https:\/\/rueckert-mittelschule.de\/?p=416\" class=\"more-link\">Mehr <span class=\"screen-reader-text\">\u00fcber &#8222;Tag des Handwerks der 8a bei Ernst-Auto&#8220; <\/span>Lesen<\/a><\/p>\n","protected":false},"author":3,"featured_media":418,"comment_status":"closed","ping_status":"closed","sticky":false,"template":"","format":"standard","meta":{"footnotes":""},"categories":[1],"tags":[],"class_list":["post-416","post","type-post","status-publish","format-standard","has-post-thumbnail","hentry","category-allgemein"],"_links":{"self":[{"href":"https:\/\/rueckert-mittelschule.de\/index.php?rest_route=\/wp\/v2\/posts\/416","targetHints":{"allow":["GET"]}}],"collection":[{"href":"https:\/\/rueckert-mittelschule.de\/index.php?rest_route=\/wp\/v2\/posts"}],"about":[{"href":"https:\/\/rueckert-mittelschule.de\/index.php?rest_route=\/wp\/v2\/types\/post"}],"author":[{"embeddable":true,"href":"https:\/\/rueckert-mittelschule.de\/index.php?rest_route=\/wp\/v2\/users\/3"}],"replies":[{"embeddable":true,"href":"https:\/\/rueckert-mittelschule.de\/index.php?rest_route=%2Fwp%2Fv2%2Fcomments&post=416"}],"version-history":[{"count":1,"href":"https:\/\/rueckert-mittelschule.de\/index.php?rest_route=\/wp\/v2\/posts\/416\/revisions"}],"predecessor-version":[{"id":422,"href":"https:\/\/rueckert-mittelschule.de\/index.php?rest_route=\/wp\/v2\/posts\/416\/revisions\/422"}],"wp:featuredmedia":[{"embeddable":true,"href":"https:\/\/rueckert-mittelschule.de\/index.php?rest_route=\/wp\/v2\/media\/418"}],"wp:attachment":[{"href":"https:\/\/rueckert-mittelschule.de\/index.php?rest_route=%2Fwp%2Fv2%2Fmedia&parent=416"}],"wp:term":[{"taxonomy":"category","embeddable":true,"href":"https:\/\/rueckert-mittelschule.de\/index.php?rest_route=%2Fwp%2Fv2%2Fcategories&post=416"},{"taxonomy":"post_tag","embeddable":true,"href":"https:\/\/rueckert-mittelschule.de\/index.php?rest_route=%2Fwp%2Fv2%2Ftags&post=416"}],"curies":[{"name":"wp","href":"https:\/\/api.w.org\/{rel}","templated":true}]}}