{"id":38,"date":"2022-05-25T21:19:22","date_gmt":"2022-05-25T19:19:22","guid":{"rendered":"http:\/\/rck.bplaced.net\/?p=38"},"modified":"2022-05-25T22:49:38","modified_gmt":"2022-05-25T20:49:38","slug":"schulfest-2999","status":"publish","type":"post","link":"https:\/\/rueckert-mittelschule.de\/?p=38","title":{"rendered":"Welttag des Buches"},"content":{"rendered":"\n<p>Zum Welttag des Buches organisierte Frau Sorge f\u00fcr uns die Buchgutscheine bei der Stiftung Lesen. Mit Herrn Sauerteig konnten wir dann unsere B\u00fccher pers\u00f6nlich bei Riemann am Markt abholen. Den B\u00fcchersatz f\u00fcr die 5a nahmen wir auch gleich mit.<\/p>\n\n\n\n<p>Vielen Dank an die Buchhandlung Riemann!<\/p>\n\n\n\n<p>Klasse 5g<\/p>\n\n\n\n<p><\/p>\n\n\n\n<figure class=\"wp-block-image size-full\"><img loading=\"lazy\" decoding=\"async\" width=\"1024\" height=\"768\" src=\"https:\/\/rueckert-mittelschule.de\/wp-content\/uploads\/2022\/05\/buch2.jpeg\" alt=\"\" class=\"wp-image-109\" srcset=\"https:\/\/rueckert-mittelschule.de\/wp-content\/uploads\/2022\/05\/buch2.jpeg 1024w, https:\/\/rueckert-mittelschule.de\/wp-content\/uploads\/2022\/05\/buch2-300x225.jpeg 300w, https:\/\/rueckert-mittelschule.de\/wp-content\/uploads\/2022\/05\/buch2-768x576.jpeg 768w\" sizes=\"auto, (max-width: 1024px) 100vw, 1024px\" \/><\/figure>\n","protected":false},"excerpt":{"rendered":"<p>Zum Welttag des Buches organisierte Frau Sorge f\u00fcr uns die Buchgutscheine bei der Stiftung Lesen. Mit Herrn Sauerteig konnten wir dann unsere B\u00fccher pers\u00f6nlich bei Riemann am Markt abholen. Den B\u00fcchersatz f\u00fcr die 5a nahmen wir auch gleich mit. Vielen Dank an die Buchhandlung Riemann! Klasse 5g<\/p>\n","protected":false},"author":1,"featured_media":110,"comment_status":"open","ping_status":"open","sticky":false,"template":"","format":"standard","meta":{"footnotes":""},"categories":[5,1],"tags":[],"class_list":["post-38","post","type-post","status-publish","format-standard","has-post-thumbnail","hentry","category-aktuelles","category-allgemein"],"_links":{"self":[{"href":"https:\/\/rueckert-mittelschule.de\/index.php?rest_route=\/wp\/v2\/posts\/38","targetHints":{"allow":["GET"]}}],"collection":[{"href":"https:\/\/rueckert-mittelschule.de\/index.php?rest_route=\/wp\/v2\/posts"}],"about":[{"href":"https:\/\/rueckert-mittelschule.de\/index.php?rest_route=\/wp\/v2\/types\/post"}],"author":[{"embeddable":true,"href":"https:\/\/rueckert-mittelschule.de\/index.php?rest_route=\/wp\/v2\/users\/1"}],"replies":[{"embeddable":true,"href":"https:\/\/rueckert-mittelschule.de\/index.php?rest_route=%2Fwp%2Fv2%2Fcomments&post=38"}],"version-history":[{"count":2,"href":"https:\/\/rueckert-mittelschule.de\/index.php?rest_route=\/wp\/v2\/posts\/38\/revisions"}],"predecessor-version":[{"id":112,"href":"https:\/\/rueckert-mittelschule.de\/index.php?rest_route=\/wp\/v2\/posts\/38\/revisions\/112"}],"wp:featuredmedia":[{"embeddable":true,"href":"https:\/\/rueckert-mittelschule.de\/index.php?rest_route=\/wp\/v2\/media\/110"}],"wp:attachment":[{"href":"https:\/\/rueckert-mittelschule.de\/index.php?rest_route=%2Fwp%2Fv2%2Fmedia&parent=38"}],"wp:term":[{"taxonomy":"category","embeddable":true,"href":"https:\/\/rueckert-mittelschule.de\/index.php?rest_route=%2Fwp%2Fv2%2Fcategories&post=38"},{"taxonomy":"post_tag","embeddable":true,"href":"https:\/\/rueckert-mittelschule.de\/index.php?rest_route=%2Fwp%2Fv2%2Ftags&post=38"}],"curies":[{"name":"wp","href":"https:\/\/api.w.org\/{rel}","templated":true}]}}