{"id":375,"date":"2023-05-06T17:19:06","date_gmt":"2023-05-06T15:19:06","guid":{"rendered":"https:\/\/rck.bplaced.net\/?p=375"},"modified":"2023-05-06T17:33:27","modified_gmt":"2023-05-06T15:33:27","slug":"schulfest-an-der-rueckert-mittelschule-am-5-5-2023","status":"publish","type":"post","link":"https:\/\/rueckert-mittelschule.de\/?p=375","title":{"rendered":"Schulfest an der R\u00fcckert- Mittelschule am 5.5.2023"},"content":{"rendered":"\n<p>Am 5.5.2023 fand das Schulfest unter dem Motto &#8222;Die Welt zu Gast bei uns&#8220; statt. Er\u00f6ffnet wurde das Schulfest durch den Schulleiter Tr\u00fctschel, im Anschluss sprachen der 3. B\u00fcrgermeister Aydin sowie der Elternbeiratsvorsitzender Cooper. Ein buntes Programm f\u00fchrte durch den Nachmittag. Musikalisch begleitet wurde die Veranstaltung unter anderem durch die Lehrerband sowie die Sambagruppe Aipale <\/p>\n\n\n\n<figure class=\"wp-block-gallery has-nested-images columns-default is-cropped wp-block-gallery-1 is-layout-flex wp-block-gallery-is-layout-flex\">\n<figure class=\"wp-block-image size-large\"><img loading=\"lazy\" decoding=\"async\" width=\"1024\" height=\"780\" data-id=\"377\" src=\"https:\/\/rueckert-mittelschule.de\/wp-content\/uploads\/2023\/05\/eb2cd5aa-d832-4372-b6e7-c643be36cf251-1024x780.jpeg\" alt=\"\" class=\"wp-image-377\" srcset=\"https:\/\/rueckert-mittelschule.de\/wp-content\/uploads\/2023\/05\/eb2cd5aa-d832-4372-b6e7-c643be36cf251-1024x780.jpeg 1024w, https:\/\/rueckert-mittelschule.de\/wp-content\/uploads\/2023\/05\/eb2cd5aa-d832-4372-b6e7-c643be36cf251-300x229.jpeg 300w, https:\/\/rueckert-mittelschule.de\/wp-content\/uploads\/2023\/05\/eb2cd5aa-d832-4372-b6e7-c643be36cf251-768x585.jpeg 768w, https:\/\/rueckert-mittelschule.de\/wp-content\/uploads\/2023\/05\/eb2cd5aa-d832-4372-b6e7-c643be36cf251-1536x1170.jpeg 1536w, https:\/\/rueckert-mittelschule.de\/wp-content\/uploads\/2023\/05\/eb2cd5aa-d832-4372-b6e7-c643be36cf251-2000x1523.jpeg 2000w, https:\/\/rueckert-mittelschule.de\/wp-content\/uploads\/2023\/05\/eb2cd5aa-d832-4372-b6e7-c643be36cf251.jpeg 2048w\" sizes=\"auto, (max-width: 1024px) 100vw, 1024px\" \/><\/figure>\n<\/figure>\n\n\n\n<figure class=\"wp-block-gallery has-nested-images columns-default is-cropped wp-block-gallery-2 is-layout-flex wp-block-gallery-is-layout-flex\">\n<figure class=\"wp-block-image size-large\"><img loading=\"lazy\" decoding=\"async\" width=\"827\" height=\"1024\" data-id=\"379\" src=\"https:\/\/rueckert-mittelschule.de\/wp-content\/uploads\/2023\/05\/5f2b22d5-540b-4004-9f33-e185fa226dab-827x1024.jpeg\" alt=\"\" class=\"wp-image-379\" srcset=\"https:\/\/rueckert-mittelschule.de\/wp-content\/uploads\/2023\/05\/5f2b22d5-540b-4004-9f33-e185fa226dab-827x1024.jpeg 827w, https:\/\/rueckert-mittelschule.de\/wp-content\/uploads\/2023\/05\/5f2b22d5-540b-4004-9f33-e185fa226dab-242x300.jpeg 242w, https:\/\/rueckert-mittelschule.de\/wp-content\/uploads\/2023\/05\/5f2b22d5-540b-4004-9f33-e185fa226dab-768x951.jpeg 768w, https:\/\/rueckert-mittelschule.de\/wp-content\/uploads\/2023\/05\/5f2b22d5-540b-4004-9f33-e185fa226dab-1240x1536.jpeg 1240w, https:\/\/rueckert-mittelschule.de\/wp-content\/uploads\/2023\/05\/5f2b22d5-540b-4004-9f33-e185fa226dab.jpeg 1292w\" sizes=\"auto, (max-width: 827px) 100vw, 827px\" \/><\/figure>\n<\/figure>\n\n\n\n<figure class=\"wp-block-gallery has-nested-images columns-default is-cropped wp-block-gallery-3 is-layout-flex wp-block-gallery-is-layout-flex\">\n<figure class=\"wp-block-image size-large\"><img loading=\"lazy\" decoding=\"async\" width=\"1024\" height=\"768\" data-id=\"380\" src=\"https:\/\/rueckert-mittelschule.de\/wp-content\/uploads\/2023\/05\/6a4c9b4d-d00b-40f2-a787-acd882adf55e-1024x768.jpeg\" alt=\"\" class=\"wp-image-380\" srcset=\"https:\/\/rueckert-mittelschule.de\/wp-content\/uploads\/2023\/05\/6a4c9b4d-d00b-40f2-a787-acd882adf55e-1024x768.jpeg 1024w, https:\/\/rueckert-mittelschule.de\/wp-content\/uploads\/2023\/05\/6a4c9b4d-d00b-40f2-a787-acd882adf55e-300x225.jpeg 300w, https:\/\/rueckert-mittelschule.de\/wp-content\/uploads\/2023\/05\/6a4c9b4d-d00b-40f2-a787-acd882adf55e-768x576.jpeg 768w, https:\/\/rueckert-mittelschule.de\/wp-content\/uploads\/2023\/05\/6a4c9b4d-d00b-40f2-a787-acd882adf55e-1536x1152.jpeg 1536w, https:\/\/rueckert-mittelschule.de\/wp-content\/uploads\/2023\/05\/6a4c9b4d-d00b-40f2-a787-acd882adf55e-2000x1500.jpeg 2000w, https:\/\/rueckert-mittelschule.de\/wp-content\/uploads\/2023\/05\/6a4c9b4d-d00b-40f2-a787-acd882adf55e.jpeg 2048w\" sizes=\"auto, (max-width: 1024px) 100vw, 1024px\" \/><\/figure>\n<\/figure>\n\n\n\n<figure class=\"wp-block-gallery has-nested-images columns-default is-cropped wp-block-gallery-4 is-layout-flex wp-block-gallery-is-layout-flex\">\n<figure class=\"wp-block-image size-large\"><img loading=\"lazy\" decoding=\"async\" width=\"1024\" height=\"768\" data-id=\"381\" src=\"https:\/\/rueckert-mittelschule.de\/wp-content\/uploads\/2023\/05\/402afaf9-314e-40c5-8e71-232bc7e81ed911-1024x768.jpeg\" alt=\"\" class=\"wp-image-381\" srcset=\"https:\/\/rueckert-mittelschule.de\/wp-content\/uploads\/2023\/05\/402afaf9-314e-40c5-8e71-232bc7e81ed911-1024x768.jpeg 1024w, https:\/\/rueckert-mittelschule.de\/wp-content\/uploads\/2023\/05\/402afaf9-314e-40c5-8e71-232bc7e81ed911-300x225.jpeg 300w, https:\/\/rueckert-mittelschule.de\/wp-content\/uploads\/2023\/05\/402afaf9-314e-40c5-8e71-232bc7e81ed911-768x576.jpeg 768w, https:\/\/rueckert-mittelschule.de\/wp-content\/uploads\/2023\/05\/402afaf9-314e-40c5-8e71-232bc7e81ed911-1536x1152.jpeg 1536w, https:\/\/rueckert-mittelschule.de\/wp-content\/uploads\/2023\/05\/402afaf9-314e-40c5-8e71-232bc7e81ed911-2000x1500.jpeg 2000w, https:\/\/rueckert-mittelschule.de\/wp-content\/uploads\/2023\/05\/402afaf9-314e-40c5-8e71-232bc7e81ed911.jpeg 2048w\" sizes=\"auto, (max-width: 1024px) 100vw, 1024px\" \/><\/figure>\n<\/figure>\n\n\n\n<figure class=\"wp-block-gallery has-nested-images columns-default is-cropped wp-block-gallery-5 is-layout-flex wp-block-gallery-is-layout-flex\">\n<figure class=\"wp-block-image size-large\"><img loading=\"lazy\" decoding=\"async\" width=\"1024\" height=\"768\" data-id=\"382\" src=\"https:\/\/rueckert-mittelschule.de\/wp-content\/uploads\/2023\/05\/b80ee098-05df-4c15-8144-88d5b6a9cde3-1024x768.jpeg\" alt=\"\" class=\"wp-image-382\" srcset=\"https:\/\/rueckert-mittelschule.de\/wp-content\/uploads\/2023\/05\/b80ee098-05df-4c15-8144-88d5b6a9cde3-1024x768.jpeg 1024w, https:\/\/rueckert-mittelschule.de\/wp-content\/uploads\/2023\/05\/b80ee098-05df-4c15-8144-88d5b6a9cde3-300x225.jpeg 300w, https:\/\/rueckert-mittelschule.de\/wp-content\/uploads\/2023\/05\/b80ee098-05df-4c15-8144-88d5b6a9cde3-768x576.jpeg 768w, https:\/\/rueckert-mittelschule.de\/wp-content\/uploads\/2023\/05\/b80ee098-05df-4c15-8144-88d5b6a9cde3-1536x1152.jpeg 1536w, https:\/\/rueckert-mittelschule.de\/wp-content\/uploads\/2023\/05\/b80ee098-05df-4c15-8144-88d5b6a9cde3-2000x1500.jpeg 2000w, https:\/\/rueckert-mittelschule.de\/wp-content\/uploads\/2023\/05\/b80ee098-05df-4c15-8144-88d5b6a9cde3.jpeg 2048w\" sizes=\"auto, (max-width: 1024px) 100vw, 1024px\" \/><\/figure>\n<\/figure>\n\n\n\n<figure class=\"wp-block-gallery has-nested-images columns-default is-cropped wp-block-gallery-6 is-layout-flex wp-block-gallery-is-layout-flex\">\n<figure class=\"wp-block-image size-large\"><img loading=\"lazy\" decoding=\"async\" width=\"1024\" height=\"768\" data-id=\"383\" src=\"https:\/\/rueckert-mittelschule.de\/wp-content\/uploads\/2023\/05\/d3554309-5b7d-4fc7-86ae-6d5264b01c0e-1024x768.jpeg\" alt=\"\" class=\"wp-image-383\" srcset=\"https:\/\/rueckert-mittelschule.de\/wp-content\/uploads\/2023\/05\/d3554309-5b7d-4fc7-86ae-6d5264b01c0e-1024x768.jpeg 1024w, https:\/\/rueckert-mittelschule.de\/wp-content\/uploads\/2023\/05\/d3554309-5b7d-4fc7-86ae-6d5264b01c0e-300x225.jpeg 300w, https:\/\/rueckert-mittelschule.de\/wp-content\/uploads\/2023\/05\/d3554309-5b7d-4fc7-86ae-6d5264b01c0e-768x576.jpeg 768w, https:\/\/rueckert-mittelschule.de\/wp-content\/uploads\/2023\/05\/d3554309-5b7d-4fc7-86ae-6d5264b01c0e-1536x1152.jpeg 1536w, https:\/\/rueckert-mittelschule.de\/wp-content\/uploads\/2023\/05\/d3554309-5b7d-4fc7-86ae-6d5264b01c0e-2000x1500.jpeg 2000w, https:\/\/rueckert-mittelschule.de\/wp-content\/uploads\/2023\/05\/d3554309-5b7d-4fc7-86ae-6d5264b01c0e.jpeg 2048w\" sizes=\"auto, (max-width: 1024px) 100vw, 1024px\" \/><\/figure>\n<\/figure>\n","protected":false},"excerpt":{"rendered":"<p>Am 5.5.2023 fand das Schulfest unter dem Motto &#8222;Die Welt zu Gast bei uns&#8220; statt. Er\u00f6ffnet wurde das Schulfest durch den Schulleiter Tr\u00fctschel, im Anschluss sprachen der 3. B\u00fcrgermeister Aydin sowie der Elternbeiratsvorsitzender Cooper. Ein buntes Programm f\u00fchrte durch den Nachmittag. Musikalisch begleitet wurde die Veranstaltung unter anderem durch die Lehrerband sowie die Sambagruppe Aipale<\/p>\n","protected":false},"author":3,"featured_media":382,"comment_status":"closed","ping_status":"closed","sticky":false,"template":"","format":"standard","meta":{"footnotes":""},"categories":[1],"tags":[],"class_list":["post-375","post","type-post","status-publish","format-standard","has-post-thumbnail","hentry","category-allgemein"],"_links":{"self":[{"href":"https:\/\/rueckert-mittelschule.de\/index.php?rest_route=\/wp\/v2\/posts\/375","targetHints":{"allow":["GET"]}}],"collection":[{"href":"https:\/\/rueckert-mittelschule.de\/index.php?rest_route=\/wp\/v2\/posts"}],"about":[{"href":"https:\/\/rueckert-mittelschule.de\/index.php?rest_route=\/wp\/v2\/types\/post"}],"author":[{"embeddable":true,"href":"https:\/\/rueckert-mittelschule.de\/index.php?rest_route=\/wp\/v2\/users\/3"}],"replies":[{"embeddable":true,"href":"https:\/\/rueckert-mittelschule.de\/index.php?rest_route=%2Fwp%2Fv2%2Fcomments&post=375"}],"version-history":[{"count":3,"href":"https:\/\/rueckert-mittelschule.de\/index.php?rest_route=\/wp\/v2\/posts\/375\/revisions"}],"predecessor-version":[{"id":385,"href":"https:\/\/rueckert-mittelschule.de\/index.php?rest_route=\/wp\/v2\/posts\/375\/revisions\/385"}],"wp:featuredmedia":[{"embeddable":true,"href":"https:\/\/rueckert-mittelschule.de\/index.php?rest_route=\/wp\/v2\/media\/382"}],"wp:attachment":[{"href":"https:\/\/rueckert-mittelschule.de\/index.php?rest_route=%2Fwp%2Fv2%2Fmedia&parent=375"}],"wp:term":[{"taxonomy":"category","embeddable":true,"href":"https:\/\/rueckert-mittelschule.de\/index.php?rest_route=%2Fwp%2Fv2%2Fcategories&post=375"},{"taxonomy":"post_tag","embeddable":true,"href":"https:\/\/rueckert-mittelschule.de\/index.php?rest_route=%2Fwp%2Fv2%2Ftags&post=375"}],"curies":[{"name":"wp","href":"https:\/\/api.w.org\/{rel}","templated":true}]}}